{"id":33190,"date":"2026-04-30T15:37:12","date_gmt":"2026-04-30T13:37:12","guid":{"rendered":"https:\/\/swisswrestling.ch\/?p=33190"},"modified":"2026-04-30T15:37:12","modified_gmt":"2026-04-30T13:37:12","slug":"cours-de-repetition-js-a-kriessern","status":"publish","type":"post","link":"https:\/\/swisswrestling.ch\/fr\/cours-de-repetition-js-a-kriessern\/","title":{"rendered":"Cours de r\u00e9p\u00e9tition J+S \u00e0 Kriessern"},"content":{"rendered":"\t\t<div data-elementor-type=\"wp-post\" data-elementor-id=\"33190\" class=\"elementor elementor-33190 elementor-33160\" data-elementor-post-type=\"post\">\n\t\t\t\t<div class=\"elementor-element elementor-element-683e460 e-flex e-con-boxed e-con e-parent\" data-id=\"683e460\" data-element_type=\"container\" data-e-type=\"container\">\n\t\t\t\t\t<div class=\"e-con-inner\">\n\t\t\t\t<div class=\"elementor-element elementor-element-eb2f9a5 elementor-widget elementor-widget-text-editor\" data-id=\"eb2f9a5\" data-element_type=\"widget\" data-e-type=\"widget\" data-widget_type=\"text-editor.default\">\n\t\t\t\t<div class=\"elementor-widget-container\">\n\t\t\t\t\t\t\t\t\t<p><span style=\"font-weight: 400\">Les 23 et 24 avril, un cours de r\u00e9p\u00e9tition J+S de niveau \u00e9l\u00e9mentaire s&rsquo;est d\u00e9roul\u00e9 \u00e0 Kriessern sur deux jours et a r\u00e9uni environ 27 participants. L&rsquo;accent a \u00e9t\u00e9 mis sur l&rsquo;\u00e9change des principales bases ainsi que sur des discussions anim\u00e9es concernant les structures de comp\u00e9tition.   <\/span><\/p>\t\t\t\t\t\t\t\t<\/div>\n\t\t\t\t<\/div>\n\t\t\t\t<div class=\"elementor-element elementor-element-39cf829 elementor-widget elementor-widget-read-more\" data-id=\"39cf829\" data-element_type=\"widget\" data-e-type=\"widget\" data-widget_type=\"read-more.default\">\n\t\t\t\t<div class=\"elementor-widget-container\">\n\t\t\t\t\t<\/div><\/div><\/div><\/div><\/div> <a href=\"https:\/\/swisswrestling.ch\/fr\/cours-de-repetition-js-a-kriessern\/#more-33190\" class=\"more-link elementor-more-link\"><span aria-label=\"Poursuivre la lecture Cours de r\u00e9p\u00e9tition J+S \u00e0 Kriessern\">Lire la suite<\/span><\/a>","protected":false},"excerpt":{"rendered":"<p>Les 23 et 24 avril, un cours de r\u00e9p\u00e9tition J+S de niveau \u00e9l\u00e9mentaire s&rsquo;est d\u00e9roul\u00e9 \u00e0 Kriessern sur deux jours et a r\u00e9uni environ 27 participants. L&rsquo;accent a \u00e9t\u00e9 mis sur l&rsquo;\u00e9change des principales bases ainsi que sur des discussions anim\u00e9es concernant les structures de comp\u00e9tition.<\/p>\n","protected":false},"author":7,"featured_media":33217,"comment_status":"closed","ping_status":"closed","sticky":false,"template":"","format":"standard","meta":{"footnotes":""},"categories":[215],"tags":[],"class_list":["post-33190","post","type-post","status-publish","format-standard","has-post-thumbnail","hentry","category-swiss-wrestling-federation-fr"],"_links":{"self":[{"href":"https:\/\/swisswrestling.ch\/fr\/wp-json\/wp\/v2\/posts\/33190","targetHints":{"allow":["GET"]}}],"collection":[{"href":"https:\/\/swisswrestling.ch\/fr\/wp-json\/wp\/v2\/posts"}],"about":[{"href":"https:\/\/swisswrestling.ch\/fr\/wp-json\/wp\/v2\/types\/post"}],"author":[{"embeddable":true,"href":"https:\/\/swisswrestling.ch\/fr\/wp-json\/wp\/v2\/users\/7"}],"replies":[{"embeddable":true,"href":"https:\/\/swisswrestling.ch\/fr\/wp-json\/wp\/v2\/comments?post=33190"}],"version-history":[{"count":1,"href":"https:\/\/swisswrestling.ch\/fr\/wp-json\/wp\/v2\/posts\/33190\/revisions"}],"predecessor-version":[{"id":33192,"href":"https:\/\/swisswrestling.ch\/fr\/wp-json\/wp\/v2\/posts\/33190\/revisions\/33192"}],"wp:featuredmedia":[{"embeddable":true,"href":"https:\/\/swisswrestling.ch\/fr\/wp-json\/wp\/v2\/media\/33217"}],"wp:attachment":[{"href":"https:\/\/swisswrestling.ch\/fr\/wp-json\/wp\/v2\/media?parent=33190"}],"wp:term":[{"taxonomy":"category","embeddable":true,"href":"https:\/\/swisswrestling.ch\/fr\/wp-json\/wp\/v2\/categories?post=33190"},{"taxonomy":"post_tag","embeddable":true,"href":"https:\/\/swisswrestling.ch\/fr\/wp-json\/wp\/v2\/tags?post=33190"}],"curies":[{"name":"wp","href":"https:\/\/api.w.org\/{rel}","templated":true}]}}