{"id":17435,"date":"2024-05-06T08:38:33","date_gmt":"2024-05-06T06:38:33","guid":{"rendered":"https:\/\/swisswrestling.ch\/reunion-constitutive-du-comite-central-de-lutte-suisse\/"},"modified":"2024-05-06T09:28:04","modified_gmt":"2024-05-06T07:28:04","slug":"reunion-constitutive-du-comite-central-de-lutte-suisse","status":"publish","type":"post","link":"https:\/\/swisswrestling.ch\/fr\/reunion-constitutive-du-comite-central-de-lutte-suisse\/","title":{"rendered":"R\u00e9union constitutive du Comit\u00e9 Central de Lutte Suisse"},"content":{"rendered":"\t\t<div data-elementor-type=\"wp-post\" data-elementor-id=\"17435\" class=\"elementor elementor-17435 elementor-17416\" data-elementor-post-type=\"post\">\n\t\t\t\t\t\t<section class=\"elementor-section elementor-top-section elementor-element elementor-element-17e1c39 elementor-section-boxed elementor-section-height-default elementor-section-height-default\" data-id=\"17e1c39\" data-element_type=\"section\" data-e-type=\"section\">\n\t\t\t\t\t\t<div class=\"elementor-container elementor-column-gap-default\">\n\t\t\t\t\t<div class=\"elementor-column elementor-col-100 elementor-top-column elementor-element elementor-element-915a24c\" data-id=\"915a24c\" data-element_type=\"column\" data-e-type=\"column\">\n\t\t\t<div class=\"elementor-widget-wrap elementor-element-populated\">\n\t\t\t\t\t\t<div class=\"elementor-element elementor-element-caaddf0 elementor-widget elementor-widget-text-editor\" data-id=\"caaddf0\" data-element_type=\"widget\" data-e-type=\"widget\" data-widget_type=\"text-editor.default\">\n\t\t\t\t<div class=\"elementor-widget-container\">\n\t\t\t\t\t\t\t\t\t<p>Fin avril, les nouveaux \u00e9lus du ZV et ceux en poste depuis longtemps se sont r\u00e9unis \u00e0 Berne pour leur premi\u00e8re r\u00e9union du conseil d&rsquo;administration.<\/p>\n<p>La r\u00e9union en personne pr\u00e9vue \u00e9tait une n\u00e9cessit\u00e9 importante pour tous les membres du ZV, car certains postes vacants devaient encore \u00eatre r\u00e9partis et une direction (strat\u00e9gie) commune de l&rsquo;association devait \u00eatre d\u00e9termin\u00e9e.<\/p>\n<p>Nadine Pietschmann a ouvert la r\u00e9union du ZV en tant que pr\u00e9sidente nouvellement \u00e9lue et \u00ab se r\u00e9jouit d&rsquo;une coop\u00e9ration constructive et engag\u00e9e avec toutes les stations \u00bb.<\/p>\n<p>Au cours du week-end, les membres du ZV ont trait\u00e9 intensivement de sujets qui doivent pour la premi\u00e8re fois \u00eatre coordonn\u00e9s dans le cadre du travail de l&rsquo;association. L&rsquo;ordre du jour comprenait de nombreux points tels que les finances, le sponsoring, les v\u00eatements de l&rsquo;\u00e9quipe, les m\u00e9dias, le marketing, les licences, le droit, l&rsquo;\u00e9thique et l&rsquo;antidopage, les op\u00e9rations de la ligue, la num\u00e9risation et le d\u00e9veloppement des associations ainsi que la communication de l&rsquo;UWW. Toutes ces questions doivent \u00eatre coordonn\u00e9es, surveill\u00e9es et avanc\u00e9es par le conseil central. Certaines exigences de Swiss Olympic doivent \u00eatre respect\u00e9es ou v\u00e9rifi\u00e9es.<\/p>\n<p>Dans les diff\u00e9rentes stations, les travaux ont commenc\u00e9 imm\u00e9diatement apr\u00e8s les \u00e9lections : d&rsquo;une part, les passations de pouvoir entre pr\u00e9d\u00e9cesseurs et successeurs ont \u00e9t\u00e9 effectu\u00e9es et, d&rsquo;autre part, les sujets qui avaient \u00e9t\u00e9 n\u00e9glig\u00e9s au cours des derniers mois avant les nouvelles \u00e9lections ont \u00e9t\u00e9 abord\u00e9s. Les questions, objectifs, accords et r\u00e9partition du travail qui en ont r\u00e9sult\u00e9 ont \u00e9t\u00e9 inclus dans cette r\u00e9union ZV.<\/p>\n<p>Avec effet imm\u00e9diat, Silvan Steiger prendra en charge le sponsoring du complexe et Stefan Schegg s&rsquo;occupera du droit, de l&rsquo;\u00e9thique et de l&rsquo;antidopage du complexe. Ces zones \u00e9taient encore vacantes apr\u00e8s les \u00e9lections et sont d\u00e9sormais combl\u00e9es.<\/p>\n<p>Non seulement le travail de l&rsquo;association \u00e9tait au centre de l&rsquo;attention, mais les relations interpersonnelles entre les responsables de la ZV devaient \u00e9galement \u00eatre r\u00e9tablies, car un travail associatif commun et r\u00e9ussi n&rsquo;est possible qu&rsquo;ensemble, dans la confiance et l&rsquo;engagement.<\/p>\n<p>En fin d&rsquo;apr\u00e8s-midi, les membres du ZV se sont s\u00e9par\u00e9s, un peu fatigu\u00e9s des nombreux sujets, impressions et facettes qu&rsquo;apportent ces fonctions. Tout le monde avait une multitude de nouveaux devoirs \u00e0 faire maintenant. Ensuite, tous les participants ont pu rentrer chez eux avec un bon sentiment, car il \u00e9tait clair que chaque membre du ZV faisait du b\u00e9n\u00e9volat au profit de l&rsquo;association et faisait progresser la lutte suisse.<\/p>\n<ul>\n<li><strong><a href=\"https:\/\/swisswrestling.ch\/fr\/swfe\/comite-central\/\">-&gt; Conseil central<\/a><\/strong><\/li>\n<li><strong><a href=\"https:\/\/rdb.swfe.ch\/organigramm\">-&gt; organigramme<\/a><\/strong><\/li>\n<\/ul>\n\t\t\t\t\t\t\t\t<\/div>\n\t\t\t\t<\/div>\n\t\t\t\t\t<\/div>\n\t\t<\/div>\n\t\t\t\t\t<\/div>\n\t\t<\/section>\n\t\t\t\t<section class=\"elementor-section elementor-top-section elementor-element elementor-element-b8a2f31 elementor-section-boxed elementor-section-height-default elementor-section-height-default\" data-id=\"b8a2f31\" data-element_type=\"section\" data-e-type=\"section\">\n\t\t\t\t\t\t<div class=\"elementor-container elementor-column-gap-default\">\n\t\t\t\t\t<div class=\"elementor-column elementor-col-100 elementor-top-column elementor-element elementor-element-27e968c\" data-id=\"27e968c\" data-element_type=\"column\" data-e-type=\"column\">\n\t\t\t<div class=\"elementor-widget-wrap elementor-element-populated\">\n\t\t\t\t\t\t<div class=\"elementor-element elementor-element-496079f elementor-widget elementor-widget-image\" data-id=\"496079f\" data-element_type=\"widget\" data-e-type=\"widget\" data-widget_type=\"image.default\">\n\t\t\t\t<div class=\"elementor-widget-container\">\n\t\t\t\t\t\t\t\t\t\t\t\t<figure class=\"wp-caption\">\n\t\t\t\t\t\t\t\t\t\t<img fetchpriority=\"high\" decoding=\"async\" width=\"800\" height=\"450\" src=\"https:\/\/swisswrestling.ch\/wp-content\/uploads\/2024\/05\/ZV-Gruppenfoto-1024x576.png\" class=\"attachment-large size-large wp-image-21573\" alt=\"\" srcset=\"https:\/\/swisswrestling.ch\/wp-content\/uploads\/2024\/05\/ZV-Gruppenfoto-1024x576.png 1024w, https:\/\/swisswrestling.ch\/wp-content\/uploads\/2024\/05\/ZV-Gruppenfoto-300x169.png 300w, https:\/\/swisswrestling.ch\/wp-content\/uploads\/2024\/05\/ZV-Gruppenfoto-768x432.png 768w, https:\/\/swisswrestling.ch\/wp-content\/uploads\/2024\/05\/ZV-Gruppenfoto-1536x864.png 1536w, https:\/\/swisswrestling.ch\/wp-content\/uploads\/2024\/05\/ZV-Gruppenfoto.png 1600w\" sizes=\"(max-width: 800px) 100vw, 800px\" \/>\t\t\t\t\t\t\t\t\t\t\t<figcaption class=\"widget-image-caption wp-caption-text\">Equipe ZV (Jean-Pierre Terrettaz\/Finance est absent sur la photo)<\/figcaption>\n\t\t\t\t\t\t\t\t\t\t<\/figure>\n\t\t\t\t\t\t\t\t\t<\/div>\n\t\t\t\t<\/div>\n\t\t\t\t\t<\/div>\n\t\t<\/div>\n\t\t\t\t\t<\/div>\n\t\t<\/section>\n\t\t\t\t<\/div>\n\t\t","protected":false},"excerpt":{"rendered":"<p>Fin avril, les nouveaux \u00e9lus du ZV et ceux en poste depuis longtemps se sont r\u00e9unis \u00e0 Berne pour leur premi\u00e8re r\u00e9union du conseil d&rsquo;administration. La r\u00e9union en personne pr\u00e9vue \u00e9tait une n\u00e9cessit\u00e9 importante pour tous les membres du ZV, car certains postes vacants devaient encore \u00eatre r\u00e9partis et une direction (strat\u00e9gie) commune de l&rsquo;association [&hellip;]<\/p>\n","protected":false},"author":7,"featured_media":21572,"comment_status":"closed","ping_status":"closed","sticky":false,"template":"","format":"standard","meta":{"footnotes":""},"categories":[215],"tags":[],"class_list":["post-17435","post","type-post","status-publish","format-standard","has-post-thumbnail","hentry","category-swiss-wrestling-federation-fr"],"_links":{"self":[{"href":"https:\/\/swisswrestling.ch\/fr\/wp-json\/wp\/v2\/posts\/17435","targetHints":{"allow":["GET"]}}],"collection":[{"href":"https:\/\/swisswrestling.ch\/fr\/wp-json\/wp\/v2\/posts"}],"about":[{"href":"https:\/\/swisswrestling.ch\/fr\/wp-json\/wp\/v2\/types\/post"}],"author":[{"embeddable":true,"href":"https:\/\/swisswrestling.ch\/fr\/wp-json\/wp\/v2\/users\/7"}],"replies":[{"embeddable":true,"href":"https:\/\/swisswrestling.ch\/fr\/wp-json\/wp\/v2\/comments?post=17435"}],"version-history":[{"count":1,"href":"https:\/\/swisswrestling.ch\/fr\/wp-json\/wp\/v2\/posts\/17435\/revisions"}],"predecessor-version":[{"id":17436,"href":"https:\/\/swisswrestling.ch\/fr\/wp-json\/wp\/v2\/posts\/17435\/revisions\/17436"}],"wp:featuredmedia":[{"embeddable":true,"href":"https:\/\/swisswrestling.ch\/fr\/wp-json\/wp\/v2\/media\/21572"}],"wp:attachment":[{"href":"https:\/\/swisswrestling.ch\/fr\/wp-json\/wp\/v2\/media?parent=17435"}],"wp:term":[{"taxonomy":"category","embeddable":true,"href":"https:\/\/swisswrestling.ch\/fr\/wp-json\/wp\/v2\/categories?post=17435"},{"taxonomy":"post_tag","embeddable":true,"href":"https:\/\/swisswrestling.ch\/fr\/wp-json\/wp\/v2\/tags?post=17435"}],"curies":[{"name":"wp","href":"https:\/\/api.w.org\/{rel}","templated":true}]}}